{"id":6723,"date":"2024-04-25T14:52:51","date_gmt":"2024-04-25T14:52:51","guid":{"rendered":"https:\/\/www.gravalos-sa.com\/blog\/uczestniczylismy-w-walnym-zgromadzeniu-stowarzyszenia-firm-rodzinnych-aragonii-aefa\/"},"modified":"2024-04-25T14:56:20","modified_gmt":"2024-04-25T14:56:20","slug":"uczestniczylismy-w-walnym-zgromadzeniu-stowarzyszenia-firm-rodzinnych-aragonii-aefa","status":"publish","type":"post","link":"https:\/\/www.gravalos-sa.com\/pl\/blog\/uczestniczylismy-w-walnym-zgromadzeniu-stowarzyszenia-firm-rodzinnych-aragonii-aefa\/","title":{"rendered":"Uczestniczyli\u015bmy w walnym zgromadzeniu Stowarzyszenia Firm Rodzinnych Aragonii (AEFA)."},"content":{"rendered":"\n<p><strong>Nasz CEO Joaqu\u00edn Gr\u00e1valos<\/strong>, wraz z cz\u0142onkami <strong>Komitetu Zarz\u0105dzaj\u0105cego<\/strong>, wzi\u0105\u0142 udzia\u0142 w dorocznym walnym zgromadzeniu <strong>Stowarzyszenia Firm Rodzinnych Aragonii (AEFA)<\/strong>, do kt\u00f3rego w\u0142a\u015bnie do\u0142\u0105czyli\u015bmy.<\/p>\n\n<p>Podczas zgromadzenia, na kt\u00f3rym <strong>Joaqu\u00edn zaprezentowa\u0142 nasz\u0105 grup\u0119<\/strong>, om\u00f3wiono <strong>oczekiwania dotycz\u0105ce rozwoju<\/strong> firmy rodzinnej w Aragonii, a tak\u017ce <strong>przysz\u0142e wyzwania<\/strong> dla ca\u0142ej sieci biznesowej. W wydarzeniu wzi\u0119\u0142o udzia\u0142 oko\u0142o 200 os\u00f3b, w tym cz\u0142onkowie, go\u015bcie i czo\u0142owi przedstawiciele lokalnych i regionalnych instytucji.<\/p>\n<div class=\"wp-block-image\">\n<figure class=\"aligncenter size-medium\"><img loading=\"lazy\" decoding=\"async\" width=\"291\" height=\"300\" src=\"https:\/\/www.gravalos-sa.com\/wp-content\/uploads\/aefa-logo-291x300.png\" alt=\"\" class=\"wp-image-6712\" title=\"\" srcset=\"https:\/\/www.gravalos-sa.com\/wp-content\/uploads\/aefa-logo-291x300.png 291w, https:\/\/www.gravalos-sa.com\/wp-content\/uploads\/aefa-logo.png 492w\" sizes=\"auto, (max-width: 291px) 100vw, 291px\" \/><\/figure>\n<\/div>\n<p>W <strong>Grupie Gr\u00e1valos, jako firma rodzinna z ponad 75-letnim do\u015bwiadczeniem<\/strong>, jeste\u015bmy bardzo dumni z bycia cz\u0119\u015bci\u0105 <strong>AEFA<\/strong> i przy\u0142\u0105czenia si\u0119 do <strong>obrony interes\u00f3w firm rodzinnych<\/strong> w naszej spo\u0142eczno\u015bci.<\/p>\n\n<p>Jeste\u015bmy podekscytowani mo\u017cliwo\u015bci\u0105 wsp\u00f3\u0142pracy z innymi firmami cz\u0142onkowskimi stowarzyszenia, a tak\u017ce mo\u017cliwo\u015bci\u0105 dzielenia si\u0119 naszymi do\u015bwiadczeniami i wiedz\u0105.<\/p>\n\n<p>Wi\u0119cej informacji: <a href=\"https:\/\/www.blog.aefaragon.es\/seis-de-cada-diez-empresas-asociadas-a-la-aefa-preven-aumentar-su-facturacion-y-su-plantilla-en-2024\/\" target=\"_blank\" rel=\"noreferrer noopener\">AEFA<\/a><\/p>\n","protected":false},"excerpt":{"rendered":"<p>Nasz CEO Joaqu\u00edn Gr\u00e1valos, wraz z cz\u0142onkami Komitetu Zarz\u0105dzaj\u0105cego, wzi\u0105\u0142 udzia\u0142 w dorocznym walnym zgromadzeniu Stowarzyszenia Firm Rodzinnych Aragonii (AEFA), do kt\u00f3rego w\u0142a\u015bnie do\u0142\u0105czyli\u015bmy. Podczas &#8230;<\/p>\n<div class=\"wp-block-buttons\">\n<div class=\"wp-block-button is-style-arrow-link\"><span class=\"wp-block-button__link\">Wiedzie\u0107 wi\u0119cej<\/span><\/div>\n<\/div>\n","protected":false},"author":2,"featured_media":6716,"comment_status":"closed","ping_status":"open","sticky":false,"template":"","format":"standard","meta":{"_acf_changed":false,"inline_featured_image":false,"footnotes":""},"categories":[33,26],"tags":[],"class_list":["post-6723","post","type-post","status-publish","format-standard","has-post-thumbnail","hentry","category-aktualnosci","category-wydarzenia"],"acf":[],"_links":{"self":[{"href":"https:\/\/www.gravalos-sa.com\/pl\/wp-json\/wp\/v2\/posts\/6723","targetHints":{"allow":["GET"]}}],"collection":[{"href":"https:\/\/www.gravalos-sa.com\/pl\/wp-json\/wp\/v2\/posts"}],"about":[{"href":"https:\/\/www.gravalos-sa.com\/pl\/wp-json\/wp\/v2\/types\/post"}],"author":[{"embeddable":true,"href":"https:\/\/www.gravalos-sa.com\/pl\/wp-json\/wp\/v2\/users\/2"}],"replies":[{"embeddable":true,"href":"https:\/\/www.gravalos-sa.com\/pl\/wp-json\/wp\/v2\/comments?post=6723"}],"version-history":[{"count":4,"href":"https:\/\/www.gravalos-sa.com\/pl\/wp-json\/wp\/v2\/posts\/6723\/revisions"}],"predecessor-version":[{"id":6738,"href":"https:\/\/www.gravalos-sa.com\/pl\/wp-json\/wp\/v2\/posts\/6723\/revisions\/6738"}],"wp:featuredmedia":[{"embeddable":true,"href":"https:\/\/www.gravalos-sa.com\/pl\/wp-json\/wp\/v2\/media\/6716"}],"wp:attachment":[{"href":"https:\/\/www.gravalos-sa.com\/pl\/wp-json\/wp\/v2\/media?parent=6723"}],"wp:term":[{"taxonomy":"category","embeddable":true,"href":"https:\/\/www.gravalos-sa.com\/pl\/wp-json\/wp\/v2\/categories?post=6723"},{"taxonomy":"post_tag","embeddable":true,"href":"https:\/\/www.gravalos-sa.com\/pl\/wp-json\/wp\/v2\/tags?post=6723"}],"curies":[{"name":"wp","href":"https:\/\/api.w.org\/{rel}","templated":true}]}}